{"id":18332,"date":"2022-04-06T14:23:35","date_gmt":"2022-04-06T12:23:35","guid":{"rendered":"http:\/\/portal-udar.net\/?p=18332"},"modified":"2022-04-06T14:23:35","modified_gmt":"2022-04-06T12:23:35","slug":"u-bijeljini-organizovano-ciscenje-romskog-naselja","status":"publish","type":"post","link":"http:\/\/portal-udar.net\/ro\/u-bijeljini-organizovano-ciscenje-romskog-naselja\/","title":{"rendered":"U Bijeljini organizovano \u010di\u0161\u0107enje romskog naselja"},"content":{"rendered":"<p><strong>U romskim naseljima sve vi\u0161e je sme\u0107a i otpada \u0161to dodatno ugro\u017eava \u017eivot ove populacije.\u00a0Pored toga \u0161to ne brinu dovoljno o svom zdravlju, malo posje\u0107uju ljekare, imaju dodatni problem \u2013 sme\u0107e, izjavila je aktivistica i romska medijatorica iz zajednice Bijeljine, Begzada Jovanovi\u0107.<\/strong><\/p>\n<p>\u201eDanas su se mladi iz reda romske i neromske populacije okupili da zajedno po\u010diste oko Mjesne Zajednice Vuk Karad\u017ei\u0107 gdje \u017eivi najve\u0107i broj romskih porodica, a nastavi\u0107e dalje da \u010diste ostatak romskog naselja. Zatim, cilj nam je da se mladi koji su tu dru\u017ee, da razbijaju stereotipe i predrasude prema Romima\u201c, kazala je Jovanovi\u0107.<\/p>\n<p>Kako je kazao Du\u0161ko Kova\u010devi\u0107, \u010dlan Omladinske organizacije Vizija mladih, ova organizacija se uklju\u010dila u akciji lokalne zajednice jo\u0161 pro\u0161li mjesec kako bi Bijeljina bila \u010dista i zdravija.<\/p>\n<p>\u201eVolonteri imaju mnogobrojne akcije u aprilu, mjesecu \u010disto\u0107e, pa smo odlu\u010dili pomo\u0107i i mladima iz reda Romske populacije, a samim tim da se upoznamo i dru\u017eimo. Moja poruka za mlade je da zajedno mogu mnogo vi\u0161e nego kad su sami. Zatim, svijest treba biti podignuta svim ljudima o tome da ne treba bacati sme\u0107e jer zaga\u0111ujemo na\u0161u okolinu\u201c, rekao je Kova\u010devi\u0107.<\/p>\n","protected":false},"excerpt":{"rendered":"<p>U romskim naseljima sve vi\u0161e je sme\u0107a i otpada \u0161to dodatno ugro\u017eava \u017eivot ove populacije.\u00a0Pored toga \u0161to ne brinu dovoljno o svom zdravlju, malo posje\u0107uju ljekare, imaju dodatni problem \u2013 sme\u0107e, izjavila je aktivistica i romska medijatorica iz zajednice Bijeljine, Begzada Jovanovi\u0107. \u201eDanas su se mladi iz reda romske i neromske populacije okupili da zajedno [&hellip;]<\/p>\n","protected":false},"author":7,"featured_media":18333,"comment_status":"closed","ping_status":"closed","sticky":false,"template":"","format":"standard","meta":{"tdm_status":"","tdm_grid_status":"","footnotes":""},"categories":[1206],"tags":[],"class_list":{"0":"post-18332","1":"post","2":"type-post","3":"status-publish","4":"format-standard","5":"has-post-thumbnail","7":"category-aktivizam"},"yoast_head":"<!-- This site is optimized with the Yoast SEO plugin v27.5 - https:\/\/yoast.com\/product\/yoast-seo-wordpress\/ -->\n<title>U Bijeljini organizovano \u010di\u0161\u0107enje romskog naselja - UDAR<\/title>\n<meta name=\"robots\" content=\"index, follow, max-snippet:-1, max-image-preview:large, max-video-preview:-1\" \/>\n<link rel=\"canonical\" href=\"https:\/\/portal-udar.net\/u-bijeljini-organizovano-ciscenje-romskog-naselja\/\" \/>\n<meta property=\"og:locale\" content=\"ro_RO\" \/>\n<meta property=\"og:type\" content=\"article\" \/>\n<meta property=\"og:title\" content=\"U Bijeljini organizovano \u010di\u0161\u0107enje romskog naselja - UDAR\" \/>\n<meta property=\"og:description\" content=\"U romskim naseljima sve vi\u0161e je sme\u0107a i otpada \u0161to dodatno ugro\u017eava \u017eivot ove populacije.\u00a0Pored toga \u0161to ne brinu dovoljno o svom zdravlju, malo posje\u0107uju ljekare, imaju dodatni problem \u2013 sme\u0107e, izjavila je aktivistica i romska medijatorica iz zajednice Bijeljine, Begzada Jovanovi\u0107. \u201eDanas su se mladi iz reda romske i neromske populacije okupili da zajedno [&hellip;]\" \/>\n<meta property=\"og:url\" content=\"https:\/\/portal-udar.net\/u-bijeljini-organizovano-ciscenje-romskog-naselja\/\" \/>\n<meta property=\"og:site_name\" content=\"UDAR\" \/>\n<meta property=\"article:publisher\" content=\"https:\/\/www.facebook.com\/PortalUdar.net\" \/>\n<meta property=\"article:published_time\" content=\"2022-04-06T12:23:35+00:00\" \/>\n<meta property=\"og:image\" content=\"https:\/\/portal-udar.net\/wp-content\/uploads\/2022\/04\/ciscenje.jpg\" \/>\n\t<meta property=\"og:image:width\" content=\"700\" \/>\n\t<meta property=\"og:image:height\" content=\"474\" \/>\n\t<meta property=\"og:image:type\" content=\"image\/jpeg\" \/>\n<meta name=\"author\" content=\"Redakcija\" \/>\n<meta name=\"twitter:card\" content=\"summary_large_image\" \/>\n<meta name=\"twitter:label1\" content=\"Written by\" \/>\n\t<meta name=\"twitter:data1\" content=\"Redakcija\" \/>\n\t<meta name=\"twitter:label2\" content=\"Est. reading time\" \/>\n\t<meta name=\"twitter:data2\" content=\"2 minutes\" \/>\n<script type=\"application\/ld+json\" class=\"yoast-schema-graph\">{\"@context\":\"https:\\\/\\\/schema.org\",\"@graph\":[{\"@type\":\"Article\",\"@id\":\"https:\\\/\\\/portal-udar.net\\\/u-bijeljini-organizovano-ciscenje-romskog-naselja\\\/#article\",\"isPartOf\":{\"@id\":\"https:\\\/\\\/portal-udar.net\\\/u-bijeljini-organizovano-ciscenje-romskog-naselja\\\/\"},\"author\":{\"name\":\"Redakcija\",\"@id\":\"https:\\\/\\\/portal-udar.net\\\/#\\\/schema\\\/person\\\/eb867ea4a26b62bec77710ff18b6c833\"},\"headline\":\"U Bijeljini organizovano \u010di\u0161\u0107enje romskog naselja\",\"datePublished\":\"2022-04-06T12:23:35+00:00\",\"mainEntityOfPage\":{\"@id\":\"https:\\\/\\\/portal-udar.net\\\/u-bijeljini-organizovano-ciscenje-romskog-naselja\\\/\"},\"wordCount\":215,\"publisher\":{\"@id\":\"https:\\\/\\\/portal-udar.net\\\/#organization\"},\"image\":{\"@id\":\"https:\\\/\\\/portal-udar.net\\\/u-bijeljini-organizovano-ciscenje-romskog-naselja\\\/#primaryimage\"},\"thumbnailUrl\":\"http:\\\/\\\/portal-udar.net\\\/wp-content\\\/uploads\\\/2022\\\/04\\\/ciscenje.jpg\",\"articleSection\":[\"\"],\"inLanguage\":\"rom-ROM\"},{\"@type\":\"WebPage\",\"@id\":\"https:\\\/\\\/portal-udar.net\\\/u-bijeljini-organizovano-ciscenje-romskog-naselja\\\/\",\"url\":\"https:\\\/\\\/portal-udar.net\\\/u-bijeljini-organizovano-ciscenje-romskog-naselja\\\/\",\"name\":\"U Bijeljini organizovano \u010di\u0161\u0107enje romskog naselja - UDAR\",\"isPartOf\":{\"@id\":\"https:\\\/\\\/portal-udar.net\\\/#website\"},\"primaryImageOfPage\":{\"@id\":\"https:\\\/\\\/portal-udar.net\\\/u-bijeljini-organizovano-ciscenje-romskog-naselja\\\/#primaryimage\"},\"image\":{\"@id\":\"https:\\\/\\\/portal-udar.net\\\/u-bijeljini-organizovano-ciscenje-romskog-naselja\\\/#primaryimage\"},\"thumbnailUrl\":\"http:\\\/\\\/portal-udar.net\\\/wp-content\\\/uploads\\\/2022\\\/04\\\/ciscenje.jpg\",\"datePublished\":\"2022-04-06T12:23:35+00:00\",\"breadcrumb\":{\"@id\":\"https:\\\/\\\/portal-udar.net\\\/u-bijeljini-organizovano-ciscenje-romskog-naselja\\\/#breadcrumb\"},\"inLanguage\":\"rom-ROM\",\"potentialAction\":[{\"@type\":\"ReadAction\",\"target\":[\"https:\\\/\\\/portal-udar.net\\\/u-bijeljini-organizovano-ciscenje-romskog-naselja\\\/\"]}]},{\"@type\":\"ImageObject\",\"inLanguage\":\"rom-ROM\",\"@id\":\"https:\\\/\\\/portal-udar.net\\\/u-bijeljini-organizovano-ciscenje-romskog-naselja\\\/#primaryimage\",\"url\":\"http:\\\/\\\/portal-udar.net\\\/wp-content\\\/uploads\\\/2022\\\/04\\\/ciscenje.jpg\",\"contentUrl\":\"http:\\\/\\\/portal-udar.net\\\/wp-content\\\/uploads\\\/2022\\\/04\\\/ciscenje.jpg\",\"width\":700,\"height\":474},{\"@type\":\"BreadcrumbList\",\"@id\":\"https:\\\/\\\/portal-udar.net\\\/u-bijeljini-organizovano-ciscenje-romskog-naselja\\\/#breadcrumb\",\"itemListElement\":[{\"@type\":\"ListItem\",\"position\":1,\"name\":\"Home\",\"item\":\"https:\\\/\\\/portal-udar.net\\\/\"},{\"@type\":\"ListItem\",\"position\":2,\"name\":\"U Bijeljini organizovano \u010di\u0161\u0107enje romskog naselja\"}]},{\"@type\":\"WebSite\",\"@id\":\"https:\\\/\\\/portal-udar.net\\\/#website\",\"url\":\"https:\\\/\\\/portal-udar.net\\\/\",\"name\":\"UDAR\",\"description\":\"\",\"publisher\":{\"@id\":\"https:\\\/\\\/portal-udar.net\\\/#organization\"},\"potentialAction\":[{\"@type\":\"SearchAction\",\"target\":{\"@type\":\"EntryPoint\",\"urlTemplate\":\"https:\\\/\\\/portal-udar.net\\\/?s={search_term_string}\"},\"query-input\":{\"@type\":\"PropertyValueSpecification\",\"valueRequired\":true,\"valueName\":\"search_term_string\"}}],\"inLanguage\":\"rom-ROM\"},{\"@type\":\"Organization\",\"@id\":\"https:\\\/\\\/portal-udar.net\\\/#organization\",\"name\":\"Portal UDAR\",\"url\":\"https:\\\/\\\/portal-udar.net\\\/\",\"logo\":{\"@type\":\"ImageObject\",\"inLanguage\":\"rom-ROM\",\"@id\":\"https:\\\/\\\/portal-udar.net\\\/#\\\/schema\\\/logo\\\/image\\\/\",\"url\":\"http:\\\/\\\/portal-udar.net\\\/wp-content\\\/uploads\\\/2022\\\/06\\\/portal-Udar_crveni_logo-1.png\",\"contentUrl\":\"http:\\\/\\\/portal-udar.net\\\/wp-content\\\/uploads\\\/2022\\\/06\\\/portal-Udar_crveni_logo-1.png\",\"width\":554,\"height\":574,\"caption\":\"Portal UDAR\"},\"image\":{\"@id\":\"https:\\\/\\\/portal-udar.net\\\/#\\\/schema\\\/logo\\\/image\\\/\"},\"sameAs\":[\"https:\\\/\\\/www.facebook.com\\\/PortalUdar.net\"]},{\"@type\":\"Person\",\"@id\":\"https:\\\/\\\/portal-udar.net\\\/#\\\/schema\\\/person\\\/eb867ea4a26b62bec77710ff18b6c833\",\"name\":\"Redakcija\",\"image\":{\"@type\":\"ImageObject\",\"inLanguage\":\"rom-ROM\",\"@id\":\"https:\\\/\\\/secure.gravatar.com\\\/avatar\\\/3eee723d7c52a5ac26f20a38e8c5b9cdc22086882bbf0a89d4943967c75bdb10?s=96&d=mm&r=g\",\"url\":\"https:\\\/\\\/secure.gravatar.com\\\/avatar\\\/3eee723d7c52a5ac26f20a38e8c5b9cdc22086882bbf0a89d4943967c75bdb10?s=96&d=mm&r=g\",\"contentUrl\":\"https:\\\/\\\/secure.gravatar.com\\\/avatar\\\/3eee723d7c52a5ac26f20a38e8c5b9cdc22086882bbf0a89d4943967c75bdb10?s=96&d=mm&r=g\",\"caption\":\"Redakcija\"},\"url\":\"http:\\\/\\\/portal-udar.net\\\/ro\\\/author\\\/redakcija2\\\/\"}]}<\/script>\n<!-- \/ Yoast SEO plugin. -->","yoast_head_json":{"title":"U Bijeljini organizovano \u010di\u0161\u0107enje romskog naselja - UDAR","robots":{"index":"index","follow":"follow","max-snippet":"max-snippet:-1","max-image-preview":"max-image-preview:large","max-video-preview":"max-video-preview:-1"},"canonical":"https:\/\/portal-udar.net\/u-bijeljini-organizovano-ciscenje-romskog-naselja\/","og_locale":"ro_RO","og_type":"article","og_title":"U Bijeljini organizovano \u010di\u0161\u0107enje romskog naselja - UDAR","og_description":"U romskim naseljima sve vi\u0161e je sme\u0107a i otpada \u0161to dodatno ugro\u017eava \u017eivot ove populacije.\u00a0Pored toga \u0161to ne brinu dovoljno o svom zdravlju, malo posje\u0107uju ljekare, imaju dodatni problem \u2013 sme\u0107e, izjavila je aktivistica i romska medijatorica iz zajednice Bijeljine, Begzada Jovanovi\u0107. \u201eDanas su se mladi iz reda romske i neromske populacije okupili da zajedno [&hellip;]","og_url":"https:\/\/portal-udar.net\/u-bijeljini-organizovano-ciscenje-romskog-naselja\/","og_site_name":"UDAR","article_publisher":"https:\/\/www.facebook.com\/PortalUdar.net","article_published_time":"2022-04-06T12:23:35+00:00","og_image":[{"width":700,"height":474,"url":"https:\/\/portal-udar.net\/wp-content\/uploads\/2022\/04\/ciscenje.jpg","type":"image\/jpeg"}],"author":"Redakcija","twitter_card":"summary_large_image","twitter_misc":{"Written by":"Redakcija","Est. reading time":"2 minutes"},"schema":{"@context":"https:\/\/schema.org","@graph":[{"@type":"Article","@id":"https:\/\/portal-udar.net\/u-bijeljini-organizovano-ciscenje-romskog-naselja\/#article","isPartOf":{"@id":"https:\/\/portal-udar.net\/u-bijeljini-organizovano-ciscenje-romskog-naselja\/"},"author":{"name":"Redakcija","@id":"https:\/\/portal-udar.net\/#\/schema\/person\/eb867ea4a26b62bec77710ff18b6c833"},"headline":"U Bijeljini organizovano \u010di\u0161\u0107enje romskog naselja","datePublished":"2022-04-06T12:23:35+00:00","mainEntityOfPage":{"@id":"https:\/\/portal-udar.net\/u-bijeljini-organizovano-ciscenje-romskog-naselja\/"},"wordCount":215,"publisher":{"@id":"https:\/\/portal-udar.net\/#organization"},"image":{"@id":"https:\/\/portal-udar.net\/u-bijeljini-organizovano-ciscenje-romskog-naselja\/#primaryimage"},"thumbnailUrl":"http:\/\/portal-udar.net\/wp-content\/uploads\/2022\/04\/ciscenje.jpg","articleSection":[""],"inLanguage":"rom-ROM"},{"@type":"WebPage","@id":"https:\/\/portal-udar.net\/u-bijeljini-organizovano-ciscenje-romskog-naselja\/","url":"https:\/\/portal-udar.net\/u-bijeljini-organizovano-ciscenje-romskog-naselja\/","name":"U Bijeljini organizovano \u010di\u0161\u0107enje romskog naselja - UDAR","isPartOf":{"@id":"https:\/\/portal-udar.net\/#website"},"primaryImageOfPage":{"@id":"https:\/\/portal-udar.net\/u-bijeljini-organizovano-ciscenje-romskog-naselja\/#primaryimage"},"image":{"@id":"https:\/\/portal-udar.net\/u-bijeljini-organizovano-ciscenje-romskog-naselja\/#primaryimage"},"thumbnailUrl":"http:\/\/portal-udar.net\/wp-content\/uploads\/2022\/04\/ciscenje.jpg","datePublished":"2022-04-06T12:23:35+00:00","breadcrumb":{"@id":"https:\/\/portal-udar.net\/u-bijeljini-organizovano-ciscenje-romskog-naselja\/#breadcrumb"},"inLanguage":"rom-ROM","potentialAction":[{"@type":"ReadAction","target":["https:\/\/portal-udar.net\/u-bijeljini-organizovano-ciscenje-romskog-naselja\/"]}]},{"@type":"ImageObject","inLanguage":"rom-ROM","@id":"https:\/\/portal-udar.net\/u-bijeljini-organizovano-ciscenje-romskog-naselja\/#primaryimage","url":"http:\/\/portal-udar.net\/wp-content\/uploads\/2022\/04\/ciscenje.jpg","contentUrl":"http:\/\/portal-udar.net\/wp-content\/uploads\/2022\/04\/ciscenje.jpg","width":700,"height":474},{"@type":"BreadcrumbList","@id":"https:\/\/portal-udar.net\/u-bijeljini-organizovano-ciscenje-romskog-naselja\/#breadcrumb","itemListElement":[{"@type":"ListItem","position":1,"name":"Home","item":"https:\/\/portal-udar.net\/"},{"@type":"ListItem","position":2,"name":"U Bijeljini organizovano \u010di\u0161\u0107enje romskog naselja"}]},{"@type":"WebSite","@id":"https:\/\/portal-udar.net\/#website","url":"https:\/\/portal-udar.net\/","name":"UDAR","description":"","publisher":{"@id":"https:\/\/portal-udar.net\/#organization"},"potentialAction":[{"@type":"SearchAction","target":{"@type":"EntryPoint","urlTemplate":"https:\/\/portal-udar.net\/?s={search_term_string}"},"query-input":{"@type":"PropertyValueSpecification","valueRequired":true,"valueName":"search_term_string"}}],"inLanguage":"rom-ROM"},{"@type":"Organization","@id":"https:\/\/portal-udar.net\/#organization","name":"Portal UDAR","url":"https:\/\/portal-udar.net\/","logo":{"@type":"ImageObject","inLanguage":"rom-ROM","@id":"https:\/\/portal-udar.net\/#\/schema\/logo\/image\/","url":"http:\/\/portal-udar.net\/wp-content\/uploads\/2022\/06\/portal-Udar_crveni_logo-1.png","contentUrl":"http:\/\/portal-udar.net\/wp-content\/uploads\/2022\/06\/portal-Udar_crveni_logo-1.png","width":554,"height":574,"caption":"Portal UDAR"},"image":{"@id":"https:\/\/portal-udar.net\/#\/schema\/logo\/image\/"},"sameAs":["https:\/\/www.facebook.com\/PortalUdar.net"]},{"@type":"Person","@id":"https:\/\/portal-udar.net\/#\/schema\/person\/eb867ea4a26b62bec77710ff18b6c833","name":"Redakcija","image":{"@type":"ImageObject","inLanguage":"rom-ROM","@id":"https:\/\/secure.gravatar.com\/avatar\/3eee723d7c52a5ac26f20a38e8c5b9cdc22086882bbf0a89d4943967c75bdb10?s=96&d=mm&r=g","url":"https:\/\/secure.gravatar.com\/avatar\/3eee723d7c52a5ac26f20a38e8c5b9cdc22086882bbf0a89d4943967c75bdb10?s=96&d=mm&r=g","contentUrl":"https:\/\/secure.gravatar.com\/avatar\/3eee723d7c52a5ac26f20a38e8c5b9cdc22086882bbf0a89d4943967c75bdb10?s=96&d=mm&r=g","caption":"Redakcija"},"url":"http:\/\/portal-udar.net\/ro\/author\/redakcija2\/"}]}},"_links":{"self":[{"href":"http:\/\/portal-udar.net\/ro\/wp-json\/wp\/v2\/posts\/18332","targetHints":{"allow":["GET"]}}],"collection":[{"href":"http:\/\/portal-udar.net\/ro\/wp-json\/wp\/v2\/posts"}],"about":[{"href":"http:\/\/portal-udar.net\/ro\/wp-json\/wp\/v2\/types\/post"}],"author":[{"embeddable":true,"href":"http:\/\/portal-udar.net\/ro\/wp-json\/wp\/v2\/users\/7"}],"replies":[{"embeddable":true,"href":"http:\/\/portal-udar.net\/ro\/wp-json\/wp\/v2\/comments?post=18332"}],"version-history":[{"count":2,"href":"http:\/\/portal-udar.net\/ro\/wp-json\/wp\/v2\/posts\/18332\/revisions"}],"predecessor-version":[{"id":18335,"href":"http:\/\/portal-udar.net\/ro\/wp-json\/wp\/v2\/posts\/18332\/revisions\/18335"}],"wp:featuredmedia":[{"embeddable":true,"href":"http:\/\/portal-udar.net\/ro\/wp-json\/wp\/v2\/media\/18333"}],"wp:attachment":[{"href":"http:\/\/portal-udar.net\/ro\/wp-json\/wp\/v2\/media?parent=18332"}],"wp:term":[{"taxonomy":"category","embeddable":true,"href":"http:\/\/portal-udar.net\/ro\/wp-json\/wp\/v2\/categories?post=18332"},{"taxonomy":"post_tag","embeddable":true,"href":"http:\/\/portal-udar.net\/ro\/wp-json\/wp\/v2\/tags?post=18332"}],"curies":[{"name":"wp","href":"https:\/\/api.w.org\/{rel}","templated":true}]}}